{"id":18295,"date":"2023-08-20T18:32:55","date_gmt":"2023-08-20T16:32:55","guid":{"rendered":"https:\/\/frisksport.se\/falun\/?p=18295"},"modified":"2023-08-20T19:02:15","modified_gmt":"2023-08-20T17:02:15","slug":"miniskogsninja","status":"publish","type":"post","link":"https:\/\/frisksport.se\/falun\/blog\/2023\/08\/20\/miniskogsninja\/","title":{"rendered":"Miniskogsninja"},"content":{"rendered":"<p>[et_pb_section fb_built=&#8221;1&#8243; _builder_version=&#8221;4.17.4&#8243; _module_preset=&#8221;default&#8221; global_colors_info=&#8221;{}&#8221;][et_pb_row _builder_version=&#8221;4.17.4&#8243; _module_preset=&#8221;default&#8221; width=&#8221;100%&#8221; global_colors_info=&#8221;{}&#8221;][et_pb_column type=&#8221;4_4&#8243; _builder_version=&#8221;4.16&#8243; _module_preset=&#8221;default&#8221; global_colors_info=&#8221;{}&#8221;][et_pb_text _builder_version=&#8221;4.17.4&#8243; _module_preset=&#8221;default&#8221; global_colors_info=&#8221;{}&#8221;]<\/p>\n<p class=\"teaser\"><strong>Nu startar vi upp en till grupp med Skogninja f\u00f6r barn f\u00f6dda 2016-2019<\/strong><\/p>\n<p>Vi kommer kalla gruppen Miniskogsninja.<\/p>\n<p>Med start onsdag vecka 36 och d\u00e4r efter onsdagar j\u00e4mna veckor fram till vecka 50 kommer vi\u00a0 hitta p\u00e5 sp\u00e4nnande aktiviteter utomhus i skogarna kring Falun.<\/p>\n<p><a href=\"https:\/\/frisksport.se\/falun\/aktiviteter\/\">L\u00e4s mer om grupperna under &#8220;aktiviteter&#8221;.<\/a><\/p>\n<p>[\/et_pb_text][et_pb_text disabled_on=&#8221;on|on|on&#8221; admin_label=&#8221;InstruktionsText&#8221; _builder_version=&#8221;4.17.4&#8243; _module_preset=&#8221;default&#8221; disabled=&#8221;on&#8221; global_colors_info=&#8221;{}&#8221;]<\/p>\n<p class=\"teaser\" style=\"text-align: center\">Bild i Aktuelltinl\u00e4gg l\u00e4ggs in via &#8216;Utvald bild&#8217; och <em>inte <\/em>h\u00e4r i inl\u00e4gget f\u00f6r att visas r\u00e4tt.<\/p>\n<p>[\/et_pb_text][\/et_pb_column][\/et_pb_row][\/et_pb_section]<\/p>\n","protected":false},"excerpt":{"rendered":"<p>Nu startar vi upp en till grupp med Skogninja f\u00f6r barn f\u00f6dda 2016-2019 Vi kommer kalla gruppen Miniskogsninja. Med start onsdag vecka 36 och d\u00e4r efter onsdagar j\u00e4mna veckor fram [&hellip;]<\/p>\n","protected":false},"author":26,"featured_media":18113,"comment_status":"closed","ping_status":"closed","sticky":false,"template":"","format":"standard","meta":{"_acf_changed":false,"_et_pb_use_builder":"on","_et_pb_old_content":"","_et_gb_content_width":"","footnotes":""},"categories":[1],"tags":[],"class_list":["post-18295","post","type-post","status-publish","format-standard","has-post-thumbnail","hentry","category-nyheter"],"acf":[],"_links":{"self":[{"href":"https:\/\/frisksport.se\/falun\/wp-json\/wp\/v2\/posts\/18295","targetHints":{"allow":["GET"]}}],"collection":[{"href":"https:\/\/frisksport.se\/falun\/wp-json\/wp\/v2\/posts"}],"about":[{"href":"https:\/\/frisksport.se\/falun\/wp-json\/wp\/v2\/types\/post"}],"author":[{"embeddable":true,"href":"https:\/\/frisksport.se\/falun\/wp-json\/wp\/v2\/users\/26"}],"replies":[{"embeddable":true,"href":"https:\/\/frisksport.se\/falun\/wp-json\/wp\/v2\/comments?post=18295"}],"version-history":[{"count":6,"href":"https:\/\/frisksport.se\/falun\/wp-json\/wp\/v2\/posts\/18295\/revisions"}],"predecessor-version":[{"id":18303,"href":"https:\/\/frisksport.se\/falun\/wp-json\/wp\/v2\/posts\/18295\/revisions\/18303"}],"wp:featuredmedia":[{"embeddable":true,"href":"https:\/\/frisksport.se\/falun\/wp-json\/wp\/v2\/media\/18113"}],"wp:attachment":[{"href":"https:\/\/frisksport.se\/falun\/wp-json\/wp\/v2\/media?parent=18295"}],"wp:term":[{"taxonomy":"category","embeddable":true,"href":"https:\/\/frisksport.se\/falun\/wp-json\/wp\/v2\/categories?post=18295"},{"taxonomy":"post_tag","embeddable":true,"href":"https:\/\/frisksport.se\/falun\/wp-json\/wp\/v2\/tags?post=18295"}],"curies":[{"name":"wp","href":"https:\/\/api.w.org\/{rel}","templated":true}]}}