{"id":19163,"date":"2024-08-20T11:02:29","date_gmt":"2024-08-20T09:02:29","guid":{"rendered":"https:\/\/frisksport.se\/varnamo\/?p=19163"},"modified":"2024-09-16T08:01:23","modified_gmt":"2024-09-16T06:01:23","slug":"cirkus-trampolin-startar","status":"publish","type":"post","link":"https:\/\/frisksport.se\/varnamo\/blog\/2024\/08\/20\/cirkus-trampolin-startar\/","title":{"rendered":"Cirkus\/trampolin startar"},"content":{"rendered":"<p>[et_pb_section fb_built=&#8221;1&#8243; _builder_version=&#8221;4.16&#8243; _module_preset=&#8221;default&#8221; global_colors_info=&#8221;{}&#8221;][et_pb_row _builder_version=&#8221;4.17.4&#8243; _module_preset=&#8221;default&#8221; width=&#8221;100%&#8221; global_colors_info=&#8221;{}&#8221;][et_pb_column type=&#8221;4_4&#8243; _builder_version=&#8221;4.16&#8243; _module_preset=&#8221;default&#8221; global_colors_info=&#8221;{}&#8221;][et_pb_text _builder_version=&#8221;4.24.2&#8243; _module_preset=&#8221;default&#8221; global_colors_info=&#8221;{}&#8221;]<\/p>\n<p><strong>Cirkus- och trampolintr\u00e4ningen startar 8 september <\/strong><\/p>\n<p>Vi \u00e4r glada att meddela att tr\u00e4ningen f\u00f6r h\u00f6stterminen startar s\u00f6ndagen den 8 september.\u00a0V\u00e5ra tr\u00e4ningstider kommer att vara s\u00f6ndagar kl. 17:30-18:30 i \u00d6stbohallen.<\/p>\n<p>F\u00f6r att kunna genomf\u00f6ra tr\u00e4ningen p\u00e5 b\u00e4sta s\u00e4tt beh\u00f6ver vi fler f\u00f6r\u00e4ldrar och ungdomar som kan hj\u00e4lpa till. Det kan handla om att st\u00e4lla fram och plocka undan utrustning eller att hj\u00e4lpa till under sj\u00e4lva tr\u00e4ningen. Ingen tidigare erfarenhet kr\u00e4vs \u2013 all hj\u00e4lp \u00e4r v\u00e4rdefull!<\/p>\n<p>Om du har m\u00f6jlighet att bidra, kontakta oss g\u00e4rna s\u00e5 snart som m\u00f6jligt.\u00a0Tack f\u00f6r ditt engagemang \u2013 vi ser fram emot en rolig och l\u00e4rorik termin tillsammans!<\/p>\n<p>Barn som varit med p\u00e5 tr\u00e4ningen under v\u00e5rterminen \u00e4r v\u00e4lkomna s\u00f6ndagen 8 september utan att anm\u00e4la sig i f\u00f6rv\u00e4g.\u00a0Vi har plats f\u00f6r fler barn, men ni beh\u00f6ver anm\u00e4la er till v\u00e5r ledare Sofia Gradeen i f\u00f6rv\u00e4g.<\/p>\n<p><a href=\"https:\/\/frisksport.se\/varnamo\/cirkus-och-trampolin\/\">L\u00e4s mer om tr\u00e4ningen h\u00e4r.<\/a><\/p>\n<p>Kontaktperson: Sofia<br \/>Mail: sofia.gradeen@hotmail.com\u00a0Telefon: 070-239 09 54<\/p>\n<p>V\u00e4lkomna!<\/p>\n<p>[\/et_pb_text][et_pb_text disabled_on=&#8221;on|on|on&#8221; admin_label=&#8221;InstruktionsText&#8221; _builder_version=&#8221;4.17.4&#8243; _module_preset=&#8221;default&#8221; disabled=&#8221;on&#8221; global_colors_info=&#8221;{}&#8221;]<\/p>\n<p class=\"teaser\" style=\"text-align: center\">Bild i Aktuelltinl\u00e4gg l\u00e4ggs in via &#8216;Utvald bild&#8217; och <em>inte <\/em>h\u00e4r i inl\u00e4gget f\u00f6r att visas r\u00e4tt.<\/p>\n<p>[\/et_pb_text][\/et_pb_column][\/et_pb_row][\/et_pb_section]<\/p>\n","protected":false},"excerpt":{"rendered":"<p>Cirkus- och trampolintr\u00e4ningen startar 8 september Vi \u00e4r glada att meddela att tr\u00e4ningen f\u00f6r h\u00f6stterminen startar s\u00f6ndagen den 8 september.\u00a0V\u00e5ra tr\u00e4ningstider kommer att vara s\u00f6ndagar kl. 17:30-18:30 i \u00d6stbohallen. F\u00f6r [&hellip;]<\/p>\n","protected":false},"author":36,"featured_media":18688,"comment_status":"closed","ping_status":"closed","sticky":false,"template":"","format":"standard","meta":{"_acf_changed":false,"_et_pb_use_builder":"on","_et_pb_old_content":"","_et_gb_content_width":"","footnotes":""},"categories":[1],"tags":[],"class_list":["post-19163","post","type-post","status-publish","format-standard","has-post-thumbnail","hentry","category-nyheter"],"acf":[],"_links":{"self":[{"href":"https:\/\/frisksport.se\/varnamo\/wp-json\/wp\/v2\/posts\/19163","targetHints":{"allow":["GET"]}}],"collection":[{"href":"https:\/\/frisksport.se\/varnamo\/wp-json\/wp\/v2\/posts"}],"about":[{"href":"https:\/\/frisksport.se\/varnamo\/wp-json\/wp\/v2\/types\/post"}],"author":[{"embeddable":true,"href":"https:\/\/frisksport.se\/varnamo\/wp-json\/wp\/v2\/users\/36"}],"replies":[{"embeddable":true,"href":"https:\/\/frisksport.se\/varnamo\/wp-json\/wp\/v2\/comments?post=19163"}],"version-history":[{"count":5,"href":"https:\/\/frisksport.se\/varnamo\/wp-json\/wp\/v2\/posts\/19163\/revisions"}],"predecessor-version":[{"id":19204,"href":"https:\/\/frisksport.se\/varnamo\/wp-json\/wp\/v2\/posts\/19163\/revisions\/19204"}],"wp:featuredmedia":[{"embeddable":true,"href":"https:\/\/frisksport.se\/varnamo\/wp-json\/wp\/v2\/media\/18688"}],"wp:attachment":[{"href":"https:\/\/frisksport.se\/varnamo\/wp-json\/wp\/v2\/media?parent=19163"}],"wp:term":[{"taxonomy":"category","embeddable":true,"href":"https:\/\/frisksport.se\/varnamo\/wp-json\/wp\/v2\/categories?post=19163"},{"taxonomy":"post_tag","embeddable":true,"href":"https:\/\/frisksport.se\/varnamo\/wp-json\/wp\/v2\/tags?post=19163"}],"curies":[{"name":"wp","href":"https:\/\/api.w.org\/{rel}","templated":true}]}}